{"id":4091,"date":"2015-06-24T11:00:00","date_gmt":"2015-06-24T09:00:00","guid":{"rendered":"https:\/\/social-enterprise.nl\/samen-pleiten-voor-keurmerk-sociale-firma\/"},"modified":"2024-08-15T09:07:22","modified_gmt":"2024-08-15T07:07:22","slug":"samen-pleiten-voor-keurmerk-sociale-firma","status":"publish","type":"post","link":"https:\/\/social-enterprise.nl\/en\/nieuws\/samen-pleiten-voor-keurmerk-sociale-firma\/","title":{"rendered":"Samen pleiten voor keurmerk sociale firma"},"content":{"rendered":"<p>Een groeiende groep ondernemers wil niet alleen een bedrijf runnen, maar stelt zich \u00f3\u00f3k tot doel mensen met een beperking in aan de slag te helpen. Een heldere definitie en erkenning voor \u2018de sociale firma\u2019* stimuleert deze ontwikkeling en zorgt ervoor dat meer mensen met een beperking aan de slag kunnen komen. Helaas hoort Nederland nu nog bij de achterhoede van Europa: het is \u00e9\u00e9n de weinige Europese landen z\u00f3nder zo\u2019n erkenning. <\/p>\n<p> <strong>Keurmerk <br \/> <\/strong>Vier landelijke partijen, Social Enterprise NL, Cedris, Vebego en PSO-Nederland, pleitten vandaag in de Tweede Kamer voor de landelijke erkenning en de invoering van een keurmerk voor de sociale firma*. Vereiste voor zo\u2019n keurmerk is dat minimaal 30 procent van het werk in een onderneming wordt gedaan door mensen met een beperking. Dat sluit aan bij de Europese definitie voor sociale firma. Het keurmerk kan worden opgenomen in de al bestaande PSO-ladder, een keuringssysteem voor inclusief ondernemerschap. <\/p>\n<p> <strong>Erkenning <br \/> <\/strong>Erkenning middels een keurmerk maakt het voor sociaal ondernemers gemakkelijk om zich te onderscheiden van andere partijen en middels een juridische positie hun <em>impact first <\/em>-beleid aan te tonen. Dat kan ook een belangrijke rol spelen bij aanbestedingen. Op termijn kunnen aan die erkenning ook fiscale voordelen of lagere werkgeverslasten worden gekoppeld, zoals in veel andere Europese landen gebruikelijk is. Iets voor op het verlanglijstje bij het belastingplan, wat deze vier partijen betreft. <\/p>\n<p> <strong>Voorstel Tweede Kamer<\/strong> <br \/> Jan-Jaap de Haan (Cedris), Mark Hillen (Social Enterprise NL), Arno Bloem (Vebego) en Yuri Starrenburg (PSO-Nederland) boden <a href=\"http:\/\/perssupport.nl\/apssite\/binaries\/content\/assets\/persberichten\/2015\/06\/24\/PositionpaperErkenningenEenvoudWerkt%21defpdf\" target=\"_blank\" rel=\"noopener noreferrer nofollow\">het voorstel<\/a> vandaag aan, aan Tweede Kamerleden. <\/p>\n<p> <a href=\"https:\/\/www.youbedo.com\/boeken\/iedereen-werk-iedereen-winst-9789492004123\" target=\"_blank\" rel=\"noopener noreferrer nofollow\"><img loading=\"lazy\" decoding=\"async\" class=\"alignleft  wp-image-6694\" src=\"https:\/\/social-enterprise.nl\/wp-content\/uploads\/2024\/08\/iwiw_blauwerand-1.png\" alt=\"iwiw_blauwerand\" width=\"111\" height=\"148\" \/><\/a>Lees ook: <a href=\"https:\/\/www.youbedo.com\/boeken\/iedereen-werk-iedereen-winst-9789492004123\" target=\"_blank\" rel=\"noopener noreferrer nofollow\"><em>&#8216;Iedereen Werk, Iedereen Winst. Hoe sociale firma&#8217;s winst voor iedereen cre\u00ebren&#8217;<\/em><\/a> M. Hillen, 2015 <\/p>\n<p> &#8212; <br \/> <strong>Is een sociale firma een social enterprise?<\/strong> <br \/> Niet in alle gevallen. Het voorzien in werk voor mensen met een arbeidsbeperking is zeker een maatschappelijke waarde, het heeft <em>impact<\/em>. Een sociale firma moet echter aan meer criteria voldoen wil zij een social enterprise zijn.<\/p>\n<p><strong>Een social enterprise:<\/strong><\/p>\n<ul>\n<li>heeft primair een maatschappelijke missie: impact first!<\/li>\n<li>realiseert dat doel als zelfstandige onderneming die een dienst of product levert;<\/li>\n<li>is financieel zelfvoorzienend, gebaseerd op handel of andere vormen van waarde-uitruil, en dus beperkt of niet afhankelijk van giften of subsidies;<\/li>\n<li>is sociaal in de wijze waarop de onderneming wordt bestuurd.<\/li>\n<\/ul>\n<p><\/p>\n<p>\n                            <strong>Locatie:<\/strong><br \/>\n                            Herengracht  505<br \/>1017BV <\/p>","protected":false},"excerpt":{"rendered":"<p>Vebego, Cedris, PSO Nederland en Social Enterprise NL pleiten voor een keurmerk voor &#8216;de sociale firma&#8217;. Een groeiende groep ondernemers wil niet alleen een bedrijf runnen, maar \u00f3\u00f3k mensen met een beperking in aan de slag te helpen. &#8230;<\/p>","protected":false},"author":1,"featured_media":4094,"comment_status":"closed","ping_status":"closed","sticky":false,"template":"","format":"standard","meta":{"_acf_changed":false,"_kad_blocks_custom_css":"","_kad_blocks_head_custom_js":"","_kad_blocks_body_custom_js":"","_kad_blocks_footer_custom_js":"","_kad_post_transparent":"","_kad_post_title":"","_kad_post_layout":"","_kad_post_sidebar_id":"","_kad_post_content_style":"","_kad_post_vertical_padding":"","_kad_post_feature":"","_kad_post_feature_position":"","_kad_post_header":false,"_kad_post_footer":false,"_kad_post_classname":"","wds_primary_category":1823,"footnotes":""},"categories":[1823],"tags":[],"class_list":["post-4091","post","type-post","status-publish","format-standard","has-post-thumbnail","hentry","category-nieuws"],"acf":[],"taxonomy_info":{"category":[{"value":1823,"label":"Nieuws"}]},"featured_image_src_large":["https:\/\/social-enterprise.nl\/wp-content\/uploads\/2024\/08\/521441290311_Erkenning_sociale_onderneming-1.jpg",637,255,false],"author_info":{"display_name":"wijzijnmeo","author_link":"https:\/\/social-enterprise.nl\/en\/author\/25a89330ad4e43a2\/"},"comment_info":0,"category_info":[{"term_id":1823,"name":"Nieuws","slug":"nieuws","term_group":0,"term_taxonomy_id":1823,"taxonomy":"category","description":"","parent":0,"count":559,"filter":"raw","cat_ID":1823,"category_count":559,"category_description":"","cat_name":"Nieuws","category_nicename":"nieuws","category_parent":0}],"tag_info":false,"_links":{"self":[{"href":"https:\/\/social-enterprise.nl\/en\/wp-json\/wp\/v2\/posts\/4091","targetHints":{"allow":["GET"]}}],"collection":[{"href":"https:\/\/social-enterprise.nl\/en\/wp-json\/wp\/v2\/posts"}],"about":[{"href":"https:\/\/social-enterprise.nl\/en\/wp-json\/wp\/v2\/types\/post"}],"author":[{"embeddable":true,"href":"https:\/\/social-enterprise.nl\/en\/wp-json\/wp\/v2\/users\/1"}],"replies":[{"embeddable":true,"href":"https:\/\/social-enterprise.nl\/en\/wp-json\/wp\/v2\/comments?post=4091"}],"version-history":[{"count":1,"href":"https:\/\/social-enterprise.nl\/en\/wp-json\/wp\/v2\/posts\/4091\/revisions"}],"predecessor-version":[{"id":4093,"href":"https:\/\/social-enterprise.nl\/en\/wp-json\/wp\/v2\/posts\/4091\/revisions\/4093"}],"wp:featuredmedia":[{"embeddable":true,"href":"https:\/\/social-enterprise.nl\/en\/wp-json\/wp\/v2\/media\/4094"}],"wp:attachment":[{"href":"https:\/\/social-enterprise.nl\/en\/wp-json\/wp\/v2\/media?parent=4091"}],"wp:term":[{"taxonomy":"category","embeddable":true,"href":"https:\/\/social-enterprise.nl\/en\/wp-json\/wp\/v2\/categories?post=4091"},{"taxonomy":"post_tag","embeddable":true,"href":"https:\/\/social-enterprise.nl\/en\/wp-json\/wp\/v2\/tags?post=4091"}],"curies":[{"name":"wp","href":"https:\/\/api.w.org\/{rel}","templated":true}]}}