{"id":15406,"date":"2026-02-24T10:18:25","date_gmt":"2026-02-24T09:18:25","guid":{"rendered":"https:\/\/social-enterprise.nl\/?p=15406"},"modified":"2026-03-04T16:44:55","modified_gmt":"2026-03-04T15:44:55","slug":"unive-nieuwe-partner-van-social-enterprise-nl","status":"publish","type":"post","link":"https:\/\/social-enterprise.nl\/en\/algemeen\/unive-nieuwe-partner-van-social-enterprise-nl\/","title":{"rendered":"Univ\u00e9 nieuwe partner van Social Enterprise NL"},"content":{"rendered":"<p>Social Enterprise NL is trots om <a href=\"https:\/\/www.unive.nl\/\" data-type=\"link\" data-id=\"https:\/\/www.unive.nl\/\" target=\"_blank\" rel=\"noopener noreferrer nofollow\">Univ\u00e9<\/a> als nieuwe partner te verwelkomen. Met dit partnerschap bundelen beide organisaties hun krachten om sociaal ondernemerschap in Nederland verder te versterken. Univ\u00e9 sluit zich aan als algemeen partner van Social Enterprise NL. Het partnerschap omvat onder meer de betrokkenheid van Social Enterprise NL bij het programma <a href=\"https:\/\/www.unive.nl\/over-unive\/samen-voor-impact\" data-type=\"link\" data-id=\"https:\/\/www.unive.nl\/over-unive\/samen-voor-impact\" target=\"_blank\" rel=\"noopener noreferrer nofollow\">Samen voor Impact<\/a>, een initiatief van Univ\u00e9, en de rol van Univ\u00e9 als partner van het jaarlijkse event <a href=\"https:\/\/www.schaaljeimpact.nl\/\" data-type=\"link\" data-id=\"https:\/\/www.schaaljeimpact.nl\/\" target=\"_blank\" rel=\"noopener noreferrer nofollow\">Schaal je Impact<\/a>.<\/p>\n\n\n\n<p>Met deze samenwerking onderstrepen Social Enterprise NL en Univ\u00e9 hun gezamenlijke ambitie om ondernemers met een maatschappelijke missie te ondersteunen in hun groei en impact. Als co\u00f6peratie met een sterke maatschappelijke betrokkenheid zet Univ\u00e9 zich actief in voor een veerkrachtige en leefbare samenleving, onder meer via het programma Samen voor Impact. In dit 100-daagse traject ondersteunt Univ\u00e9 sociaal ondernemers met kennis, begeleiding en toegang tot relevante netwerken. Social Enterprise NL is vanaf de derde editie betrokken als partner, waardoor deelnemers ook toegang krijgen tot het landelijke netwerk en de expertise van Social Enterprise NL.<\/p>\n\n\n\n<p>Stefan Panhuijsen, director, Social Enterprise NL:<em> \u201cSociale ondernemingen stellen het structureel aanpakken van maatschappelijke problemen centraal, en belopen daardoor vaak een moeilijke weg. Door samen te werken met Univ\u00e9 kunnen we ondernemers ondersteunen met kennis, netwerk en praktische handvatten.\u201d<\/em><\/p>\n\n\n\n<p>Johan Van den Neste, voorzitter Raad van Bestuur bij co\u00f6peratie Univ\u00e9:<em> \u201cBij Univ\u00e9 geloven we dat ondernemerschap een belangrijke aanjager is voor positieve maatschappelijke verandering. Als co\u00f6peratie voelen wij ons al generaties lang verbonden met onze leden en hun leefomgeving, en dragen we verantwoordelijkheid voor een leefbare en veerkrachtige samenleving. Met Samen voor Impact ondersteunen we samen met waardevolle partners ondernemers die maatschappelijke waarde centraal stellen, en helpen we hen te groeien door onze expertise en netwerken te delen, zodat zij hun impact duurzaam kunnen vergroten.\u201d<\/em><\/p>\n\n\n\n<p>Naast de samenwerking binnen Samen voor Impact is Univ\u00e9 ook partner van Schaal je Impact, het jaarlijkse event dat draait om partnerships voor de nieuwe economie en om samenwerking tussen sociaal ondernemers, bedrijven, overheden en andere stakeholders. Hiermee draagt Univ\u00e9 bij aan een sterker ecosysteem voor sociaal ondernemerschap.<\/p>\n\n\n\n<p>De samenwerking biedt ruimte om gezamenlijk nieuwe kansen te verkennen en initiatieven te ontwikkelen die bijdragen aan de verdere groei van sociaal ondernemerschap in Nederland. Social Enterprise NL kijkt ernaar uit om samen met Univ\u00e9 te bouwen aan een sterke en inclusieve economie waarin maatschappelijke waarde centraal staat.<\/p>\n\n\n\n<p><em>Beeld: Emmy de Graaf<\/em><\/p>","protected":false},"excerpt":{"rendered":"<p>Social Enterprise NL is trots om Univ\u00e9 als nieuwe partner te verwelkomen. Met dit partnerschap bundelen beide organisaties hun krachten om sociaal ondernemerschap in Nederland verder te versterken. Univ\u00e9 sluit zich aan als&#8230;<\/p>","protected":false},"author":3,"featured_media":15408,"comment_status":"closed","ping_status":"closed","sticky":false,"template":"","format":"standard","meta":{"_acf_changed":false,"_kad_blocks_custom_css":"","_kad_blocks_head_custom_js":"","_kad_blocks_body_custom_js":"","_kad_blocks_footer_custom_js":"","_kad_post_transparent":"","_kad_post_title":"","_kad_post_layout":"","_kad_post_sidebar_id":"","_kad_post_content_style":"","_kad_post_vertical_padding":"","_kad_post_feature":"","_kad_post_feature_position":"","_kad_post_header":false,"_kad_post_footer":false,"_kad_post_classname":"","wds_primary_category":1,"footnotes":""},"categories":[1],"tags":[],"class_list":["post-15406","post","type-post","status-publish","format-standard","has-post-thumbnail","hentry","category-algemeen"],"acf":[],"taxonomy_info":{"category":[{"value":1,"label":"Algemeen"}]},"featured_image_src_large":["https:\/\/social-enterprise.nl\/wp-content\/uploads\/2026\/03\/svi-event.avif",960,640,false],"author_info":{"display_name":"Marisol Padiz","author_link":"https:\/\/social-enterprise.nl\/en\/author\/608cad32aea1aa5e\/"},"comment_info":0,"category_info":[{"term_id":1,"name":"Algemeen","slug":"algemeen","term_group":0,"term_taxonomy_id":1,"taxonomy":"category","description":"","parent":0,"count":6,"filter":"raw","cat_ID":1,"category_count":6,"category_description":"","cat_name":"Algemeen","category_nicename":"algemeen","category_parent":0}],"tag_info":false,"_links":{"self":[{"href":"https:\/\/social-enterprise.nl\/en\/wp-json\/wp\/v2\/posts\/15406","targetHints":{"allow":["GET"]}}],"collection":[{"href":"https:\/\/social-enterprise.nl\/en\/wp-json\/wp\/v2\/posts"}],"about":[{"href":"https:\/\/social-enterprise.nl\/en\/wp-json\/wp\/v2\/types\/post"}],"author":[{"embeddable":true,"href":"https:\/\/social-enterprise.nl\/en\/wp-json\/wp\/v2\/users\/3"}],"replies":[{"embeddable":true,"href":"https:\/\/social-enterprise.nl\/en\/wp-json\/wp\/v2\/comments?post=15406"}],"version-history":[{"count":5,"href":"https:\/\/social-enterprise.nl\/en\/wp-json\/wp\/v2\/posts\/15406\/revisions"}],"predecessor-version":[{"id":15413,"href":"https:\/\/social-enterprise.nl\/en\/wp-json\/wp\/v2\/posts\/15406\/revisions\/15413"}],"wp:featuredmedia":[{"embeddable":true,"href":"https:\/\/social-enterprise.nl\/en\/wp-json\/wp\/v2\/media\/15408"}],"wp:attachment":[{"href":"https:\/\/social-enterprise.nl\/en\/wp-json\/wp\/v2\/media?parent=15406"}],"wp:term":[{"taxonomy":"category","embeddable":true,"href":"https:\/\/social-enterprise.nl\/en\/wp-json\/wp\/v2\/categories?post=15406"},{"taxonomy":"post_tag","embeddable":true,"href":"https:\/\/social-enterprise.nl\/en\/wp-json\/wp\/v2\/tags?post=15406"}],"curies":[{"name":"wp","href":"https:\/\/api.w.org\/{rel}","templated":true}]}}